{"id":2131,"date":"2019-12-30T20:26:33","date_gmt":"2019-12-30T20:26:33","guid":{"rendered":"http:\/\/danielwaldschik.de\/blog\/?p=2131"},"modified":"2020-09-19T21:00:34","modified_gmt":"2020-09-19T21:00:34","slug":"auswandern-curacao","status":"publish","type":"post","link":"https:\/\/danielwaldschik.de\/blog\/auswandern-curacao\/","title":{"rendered":"Auf Tauchstation unter karibischer Sonne"},"content":{"rendered":"\n<p><strong>Vor drei Jahren hat es Maren Weis aus Waldkatzenbach im Odenwald auf die Karibikinsel Cura\u00e7ao verschlagen. Die 38-J\u00e4hrige baut sich dort als Basisleiterin einer Tauchschule ein neues Leben auf.<\/strong><\/p>\n\n\n\n<p><em>Von Daniel Waldschik<\/em><\/p>\n\n\n\n<p>In ihrer rechten Hand h\u00e4lt Maren Weis einen schwarzen Tauchcomputer, mit ihrem linken Zeigefinger tippt sie auf eine Spalte in einem kleinen unscheinbaren Heftchen. \u201eHier tr\u00e4gst du die Tauchtiefe ein, 17 Meter, dort die Tauchzeit, 45 Minuten.\u201c Thomas Gie\u00df aus Schmitten im Taunus notiert die Daten in sein Tauchlogbuch. Der 52-J\u00e4hrige hat bei Maren gerade seinen Tauchschein erfolgreich abgeschlossen. Hier auf Cura\u00e7ao k\u00f6nnen besonders Tauchanf\u00e4nger leicht Erfahrung unter Wasser sammeln. Seit nun drei Jahren ist die Geburtsst\u00e4tte des blauen Lik\u00f6rs, der hierzulande gerne mit Orangensaft gemixt wird, Marens neues Zuhause.  <\/p>\n\n\n\n<h2 class=\"wp-block-heading\">Keine Statussymbole n\u00f6tig<\/h2>\n\n\n\n<p>Was die 38-J\u00e4hrige Odenw\u00e4lderin in ihrer neuen Heimat au\u00dfer Familie und Freunden am meisten vermisst: \u201eSchnee\u201c, sagt Maren. An mehr fehle es ihr nicht. \u201eHier brauchst du keine Statussymbole wie ein dickes Auto oder gro\u00dfen Fernseher.\u201c Zum Gl\u00fccklichsein ben\u00f6tige sie ohnehin nicht viel. Die pralle Sonne genie\u00dfen und Spazierg\u00e4nge am Strand sind wegen ihrer harten Arbeit als Basisleitung einer deutschsprachigen Tauchschule zwar rar. \u201eTrotzdem ist mein Leben im Vergleich zu fr\u00fcher viel aktiver, spontaner und entspannter geworden.\u201c  Ihr letzter Besuch am Fu\u00dfe des Katzenbuckels liegt zwei Jahre zur\u00fcck.   <\/p>\n\n\n\n<p>\u201eIrgendwann\nMitte 2016, relativ spontan\u201c, sagt Maren, habe sie die alte Heimat\nWaldkatzenbach in Richtung Niederl\u00e4ndische Antillen verlassen. \u201eEs\nwar Zeit f\u00fcr eine neue Herausforderung.\u201c Bevor sie auf die Insel\nkam, arbeitete Maren im Vertrieb eines Unternehmens f\u00fcr\nAtemluftkompressoren und Gasmischtechnik in Mossautal. Nebenbei\nf\u00fchrte sie eine Feierabendtauchschule. \n<\/p>\n\n\n\n<h2 class=\"wp-block-heading\">Perfekt ausgebildet<\/h2>\n\n\n\n<p>Maren taucht seit 13 Jahren. Rund 3.000 Tauchg\u00e4nge habe sie seither schon gemacht. Sie ist zertifizierte Tauchlehrerin f\u00fcr drei Tauchverb\u00e4nde, hat au\u00dferdem eine technische Tauchausbildung. Weil sie in der Tauchszene sehr gut vernetzt ist, seien immer wieder lockere Anfragen gekommen, ob sie nicht eine Tauchbasis im Ausland leiten wolle. Alles unverbindlich, vieles nur so dahingesagt. Bis es irgendwann konkret wurde. Der Inhaber der Tauchbasis habe eine zuverl\u00e4ssige Mitarbeiterin gesucht. Auf der Wassersportmesse Boot in D\u00fcsseldorf habe man dann intensive Gespr\u00e4che gef\u00fchrt &#8211; \u201eDann ging alles sehr schnell.\u201c<\/p>\n\n\n\n<p>Ihr\nArbeitstag in der Tauchbasis beginnt um neun Uhr. Von ihrem Zuhause\nin Souax in Cura\u00e7aos Hauptstadt Willemstad, wo sie seit April mit\nihrem Lebensgef\u00e4hrten wohnt, sind es rund 35 Kilometer zur\nTauchstation am Westende. Was auf der t\u00e4glichen Todo-Liste steht:\n\u201eBasis \u00f6ffnen, Shop herrichten, die Wasserbecken zum Auswaschen\nder Tauchausr\u00fcstung s\u00e4ubern und f\u00fcllen, den G\u00e4sten Insidertipps\nzu den mehr als 60 Tauchpl\u00e4tzen geben oder Sehensw\u00fcrdigkeiten und\nAusflugsziele f\u00fcr tauchfreie Tage empfehlen\u201c, berichtet Maren \u00fcber\nihre straffen Tagesabl\u00e4ufe. \u201eVormittags und nachmittags stehen\nbegleitete Tauchg\u00e4nge und Ausbildungskurse auf dem Plan, dazu noch\ndie Buchhaltung sowie die Pflege und Instandhaltung des\nTauchequipments.\u201c Wenn es einmal sein muss, greift sie nach\nFeierabend noch einmal zum Hammer und zimmert eine neue Sitzgarnitur\noder bemalt mit viel Liebe zum Detail Steine mit freundlich bunten\nFarben, die Hotel- und Tauchg\u00e4ste zu einer positiven Bewertung im\nInternet animieren sollen. Als Basisleitung ist Maren M\u00e4dchen f\u00fcr\nalles. Nur sonntags hat sie frei. \n<\/p>\n\n\n\n<p>Zeit, die sie mit ihrem Freund am liebsten mit Inselerkundungen oder an den deutlich ruhigeren Str\u00e4nden im Westen der Insel verbringt, \u201eam Playa Grandi wegen der Schildkr\u00f6ten oder Playa Kalki mit dem karibisch sch\u00f6nen wei\u00dfen Sandstrand.\u201c Klingt nach traumhaften Aussichten und einer sonnigen Zukunft. Nur auf Schnee kann sie hier lange warten!&#8220;<\/p>\n\n\n\n<h2 class=\"wp-block-heading\">Info Cura\u00e7ao: Nicht nur f\u00fcr Taucher ideal<\/h2>\n\n\n\n<p>Etwa 18.500 Deutsche haben laut Cura\u00e7ao Tourist Board im vergangenen Jahr die Insel besucht. Die Traumdestination mit ihrer bis weit \u00fcber das Goldene Zeitalter der Piraterie reichenden Historie, den unz\u00e4hligen feinen Sandstr\u00e4nden und mehr als 60 unber\u00fchrten Tauchspots bietet Besuchern ein ganzj\u00e4hrig gleichbleibendes trockenes Klima mit Temperaturen um die 30 Grad Celsius. Grund daf\u00fcr ist die Lage nahe des \u00c4quators, die Cura\u00e7ao den Status eines Ganzjahresziels verleiht. Da die Insel au\u00dferhalb des Hurrikan-G\u00fcrtels liegt, bleibt sie in der Regel von Wirbelst\u00fcrmen verschont. Regen f\u00e4llt nur wenig. Ein weiterer Pluspunkt im Vergleich zu anderen Reisezielen in der Karibik ist die Sicherheit f\u00fcr Reisende. Ob mit dem Mietwagen oder zu Fu\u00df unterwegs: anders als in der Dominikanisches Republik oder auf Jamaika k\u00f6nnen sich Touristen hier ohne Unbehagen bewegen.  <\/p>\n\n\n\n<p>Besonders\nwer mit Babys oder jungen Kindern verreisen m\u00f6chte, findet sich dort\nsehr gut aufgehoben, zumal die Verf\u00fcgbarkeit von Lebensmitteln und\nBedarfsgegenst\u00e4nden f\u00fcr den Nachwuchs wie Windeln oder Babybreie\nsowie die medizinische Versorgung aufgrund des niederl\u00e4ndischen\nEinflusses nahezu optimal gedeckt sind.<\/p>\n\n\n\n<p>Am\neinfachsten nach Cura\u00e7ao kommen Reisende mit der niederl\u00e4ndischen\nFluggesellschaft KLM. Fl\u00fcge gehen t\u00e4glich ab Amsterdam. Die\nFlugdauer betr\u00e4gt etwa 9,5 Stunden. Wer ab Frankfurt oder Stuttgart\nfliegt, muss zus\u00e4tzlich rund eine Stunde Flugzeit plus Umsteigezeit\nam Flughafen in Amsterdam einplanen.<\/p>\n\n\n\n<p>Insidertipp: Ein sportliches Bonbon bietet Cura\u00e7ao in jedem November mit dem KLM Marathon allen L\u00e4ufern, die gerne mal einen Halbmarathon oder die volle 42-Kilometer-Distanz laufen wollen. K\u00fcrze Strecken bis zehn Kilometer sind selbstverst\u00e4ndlich auch m\u00f6glich. <br><br><em>(erschienen online in der RNZ am 25. August 2019)<\/em><\/p>\n","protected":false},"excerpt":{"rendered":"<p>Vor drei Jahren hat es Maren Weis aus Waldkatzenbach im Odenwald auf die Karibikinsel Cura\u00e7ao verschlagen. Die 38-J\u00e4hrige baut sich dort als Basisleiterin einer Tauchschule ein neues Leben auf. Von Daniel Waldschik In ihrer rechten Hand h\u00e4lt Maren Weis einen schwarzen Tauchcomputer, mit ihrem linken Zeigefinger tippt sie auf eine Spalte in einem kleinen unscheinbaren<\/p>\n<p><a href=\"https:\/\/danielwaldschik.de\/blog\/auswandern-curacao\/\" class=\"more-link themebutton\">Weiterlesen<\/a><\/p>\n","protected":false},"author":1,"featured_media":0,"comment_status":"closed","ping_status":"closed","sticky":false,"template":"","format":"standard","meta":{"footnotes":""},"categories":[1,165],"tags":[197,196,175],"class_list":["post-2131","post","type-post","status-publish","format-standard","hentry","category-allgemein","category-alle-beitraege","tag-auswandern","tag-curacao","tag-tauchen"],"yoast_head":"<!-- This site is optimized with the Yoast SEO plugin v20.9 - https:\/\/yoast.com\/wordpress\/plugins\/seo\/ -->\n<title>Auf Tauchstation unter karibischer Sonne - Daniel Waldschik<\/title>\n<meta name=\"description\" content=\"Vor drei Jahren hat es unsere Freundin Maren nach Cura\u00e7ao verschlagen. Dort arbeitet sie als Basisleiterin einer Tauchschule.\" \/>\n<meta name=\"robots\" content=\"index, follow, max-snippet:-1, max-image-preview:large, max-video-preview:-1\" \/>\n<link rel=\"canonical\" href=\"https:\/\/danielwaldschik.de\/blog\/auswandern-curacao\/\" \/>\n<meta property=\"og:locale\" content=\"de_DE\" \/>\n<meta property=\"og:type\" content=\"article\" \/>\n<meta property=\"og:title\" content=\"Auf Tauchstation unter karibischer Sonne - Daniel Waldschik\" \/>\n<meta property=\"og:description\" content=\"Vor drei Jahren hat es unsere Freundin Maren nach Cura\u00e7ao verschlagen. Dort arbeitet sie als Basisleiterin einer Tauchschule.\" \/>\n<meta property=\"og:url\" content=\"https:\/\/danielwaldschik.de\/blog\/auswandern-curacao\/\" \/>\n<meta property=\"og:site_name\" content=\"Daniel Waldschik\" \/>\n<meta property=\"article:published_time\" content=\"2019-12-30T20:26:33+00:00\" \/>\n<meta property=\"article:modified_time\" content=\"2020-09-19T21:00:34+00:00\" \/>\n<meta name=\"author\" content=\"Daniel Waldschik\" \/>\n<meta name=\"twitter:label1\" content=\"Verfasst von\" \/>\n\t<meta name=\"twitter:data1\" content=\"Daniel Waldschik\" \/>\n\t<meta name=\"twitter:label2\" content=\"Gesch\u00e4tzte Lesezeit\" \/>\n\t<meta name=\"twitter:data2\" content=\"4\u00a0Minuten\" \/>\n<script type=\"application\/ld+json\" class=\"yoast-schema-graph\">{\"@context\":\"https:\/\/schema.org\",\"@graph\":[{\"@type\":\"WebPage\",\"@id\":\"https:\/\/danielwaldschik.de\/blog\/auswandern-curacao\/\",\"url\":\"https:\/\/danielwaldschik.de\/blog\/auswandern-curacao\/\",\"name\":\"Auf Tauchstation unter karibischer Sonne - Daniel Waldschik\",\"isPartOf\":{\"@id\":\"https:\/\/danielwaldschik.de\/blog\/#website\"},\"datePublished\":\"2019-12-30T20:26:33+00:00\",\"dateModified\":\"2020-09-19T21:00:34+00:00\",\"author\":{\"@id\":\"https:\/\/danielwaldschik.de\/blog\/#\/schema\/person\/710b11dda95efb9481d328a0b562e6b7\"},\"description\":\"Vor drei Jahren hat es unsere Freundin Maren nach Cura\u00e7ao verschlagen. Dort arbeitet sie als Basisleiterin einer Tauchschule.\",\"inLanguage\":\"de\",\"potentialAction\":[{\"@type\":\"ReadAction\",\"target\":[\"https:\/\/danielwaldschik.de\/blog\/auswandern-curacao\/\"]}]},{\"@type\":\"WebSite\",\"@id\":\"https:\/\/danielwaldschik.de\/blog\/#website\",\"url\":\"https:\/\/danielwaldschik.de\/blog\/\",\"name\":\"Daniel Waldschik\",\"description\":\"\",\"potentialAction\":[{\"@type\":\"SearchAction\",\"target\":{\"@type\":\"EntryPoint\",\"urlTemplate\":\"https:\/\/danielwaldschik.de\/blog\/?s={search_term_string}\"},\"query-input\":\"required name=search_term_string\"}],\"inLanguage\":\"de\"},{\"@type\":\"Person\",\"@id\":\"https:\/\/danielwaldschik.de\/blog\/#\/schema\/person\/710b11dda95efb9481d328a0b562e6b7\",\"name\":\"Daniel Waldschik\",\"image\":{\"@type\":\"ImageObject\",\"inLanguage\":\"de\",\"@id\":\"https:\/\/danielwaldschik.de\/blog\/#\/schema\/person\/image\/\",\"url\":\"https:\/\/secure.gravatar.com\/avatar\/4ad3b1b34de5837e197b6ff66212306abb1a5a096f3847f8d6a77ad6ac6c8003?s=96&d=mm&r=g\",\"contentUrl\":\"https:\/\/secure.gravatar.com\/avatar\/4ad3b1b34de5837e197b6ff66212306abb1a5a096f3847f8d6a77ad6ac6c8003?s=96&d=mm&r=g\",\"caption\":\"Daniel Waldschik\"},\"sameAs\":[\"http:\/\/www.danielwaldschik.de\"],\"url\":\"https:\/\/danielwaldschik.de\/blog\/author\/admin\/\"}]}<\/script>\n<!-- \/ Yoast SEO plugin. -->","yoast_head_json":{"title":"Auf Tauchstation unter karibischer Sonne - Daniel Waldschik","description":"Vor drei Jahren hat es unsere Freundin Maren nach Cura\u00e7ao verschlagen. Dort arbeitet sie als Basisleiterin einer Tauchschule.","robots":{"index":"index","follow":"follow","max-snippet":"max-snippet:-1","max-image-preview":"max-image-preview:large","max-video-preview":"max-video-preview:-1"},"canonical":"https:\/\/danielwaldschik.de\/blog\/auswandern-curacao\/","og_locale":"de_DE","og_type":"article","og_title":"Auf Tauchstation unter karibischer Sonne - Daniel Waldschik","og_description":"Vor drei Jahren hat es unsere Freundin Maren nach Cura\u00e7ao verschlagen. Dort arbeitet sie als Basisleiterin einer Tauchschule.","og_url":"https:\/\/danielwaldschik.de\/blog\/auswandern-curacao\/","og_site_name":"Daniel Waldschik","article_published_time":"2019-12-30T20:26:33+00:00","article_modified_time":"2020-09-19T21:00:34+00:00","author":"Daniel Waldschik","twitter_misc":{"Verfasst von":"Daniel Waldschik","Gesch\u00e4tzte Lesezeit":"4\u00a0Minuten"},"schema":{"@context":"https:\/\/schema.org","@graph":[{"@type":"WebPage","@id":"https:\/\/danielwaldschik.de\/blog\/auswandern-curacao\/","url":"https:\/\/danielwaldschik.de\/blog\/auswandern-curacao\/","name":"Auf Tauchstation unter karibischer Sonne - Daniel Waldschik","isPartOf":{"@id":"https:\/\/danielwaldschik.de\/blog\/#website"},"datePublished":"2019-12-30T20:26:33+00:00","dateModified":"2020-09-19T21:00:34+00:00","author":{"@id":"https:\/\/danielwaldschik.de\/blog\/#\/schema\/person\/710b11dda95efb9481d328a0b562e6b7"},"description":"Vor drei Jahren hat es unsere Freundin Maren nach Cura\u00e7ao verschlagen. Dort arbeitet sie als Basisleiterin einer Tauchschule.","inLanguage":"de","potentialAction":[{"@type":"ReadAction","target":["https:\/\/danielwaldschik.de\/blog\/auswandern-curacao\/"]}]},{"@type":"WebSite","@id":"https:\/\/danielwaldschik.de\/blog\/#website","url":"https:\/\/danielwaldschik.de\/blog\/","name":"Daniel Waldschik","description":"","potentialAction":[{"@type":"SearchAction","target":{"@type":"EntryPoint","urlTemplate":"https:\/\/danielwaldschik.de\/blog\/?s={search_term_string}"},"query-input":"required name=search_term_string"}],"inLanguage":"de"},{"@type":"Person","@id":"https:\/\/danielwaldschik.de\/blog\/#\/schema\/person\/710b11dda95efb9481d328a0b562e6b7","name":"Daniel Waldschik","image":{"@type":"ImageObject","inLanguage":"de","@id":"https:\/\/danielwaldschik.de\/blog\/#\/schema\/person\/image\/","url":"https:\/\/secure.gravatar.com\/avatar\/4ad3b1b34de5837e197b6ff66212306abb1a5a096f3847f8d6a77ad6ac6c8003?s=96&d=mm&r=g","contentUrl":"https:\/\/secure.gravatar.com\/avatar\/4ad3b1b34de5837e197b6ff66212306abb1a5a096f3847f8d6a77ad6ac6c8003?s=96&d=mm&r=g","caption":"Daniel Waldschik"},"sameAs":["http:\/\/www.danielwaldschik.de"],"url":"https:\/\/danielwaldschik.de\/blog\/author\/admin\/"}]}},"_links":{"self":[{"href":"https:\/\/danielwaldschik.de\/blog\/wp-json\/wp\/v2\/posts\/2131","targetHints":{"allow":["GET"]}}],"collection":[{"href":"https:\/\/danielwaldschik.de\/blog\/wp-json\/wp\/v2\/posts"}],"about":[{"href":"https:\/\/danielwaldschik.de\/blog\/wp-json\/wp\/v2\/types\/post"}],"author":[{"embeddable":true,"href":"https:\/\/danielwaldschik.de\/blog\/wp-json\/wp\/v2\/users\/1"}],"replies":[{"embeddable":true,"href":"https:\/\/danielwaldschik.de\/blog\/wp-json\/wp\/v2\/comments?post=2131"}],"version-history":[{"count":9,"href":"https:\/\/danielwaldschik.de\/blog\/wp-json\/wp\/v2\/posts\/2131\/revisions"}],"predecessor-version":[{"id":2181,"href":"https:\/\/danielwaldschik.de\/blog\/wp-json\/wp\/v2\/posts\/2131\/revisions\/2181"}],"wp:attachment":[{"href":"https:\/\/danielwaldschik.de\/blog\/wp-json\/wp\/v2\/media?parent=2131"}],"wp:term":[{"taxonomy":"category","embeddable":true,"href":"https:\/\/danielwaldschik.de\/blog\/wp-json\/wp\/v2\/categories?post=2131"},{"taxonomy":"post_tag","embeddable":true,"href":"https:\/\/danielwaldschik.de\/blog\/wp-json\/wp\/v2\/tags?post=2131"}],"curies":[{"name":"wp","href":"https:\/\/api.w.org\/{rel}","templated":true}]}}