{"id":2190,"date":"2020-09-20T11:27:51","date_gmt":"2020-09-20T11:27:51","guid":{"rendered":"http:\/\/danielwaldschik.de\/blog\/?p=2190"},"modified":"2021-01-23T15:45:59","modified_gmt":"2021-01-23T15:45:59","slug":"ich-als-gespraechspartner-in-unterschiedlichsten-medien","status":"publish","type":"post","link":"https:\/\/danielwaldschik.de\/blog\/ich-als-gespraechspartner-in-unterschiedlichsten-medien\/","title":{"rendered":"Ich als Gespr\u00e4chspartner in unterschiedlichsten Medien"},"content":{"rendered":"\n<p>Lag es in meiner Zeit als Volont\u00e4r und freier Zeitungsmitarbeiter noch an mir, die richtigen Fragen zu stellen zu stellen, r\u00fcckte ich sp\u00e4testens als Verbraucherredakteur f\u00fcr \u00d6ko Test in den Fokus mancher Kolleginnen und Kollegen. Auch in meiner aktuellen Funktion als Pressesprecher des Bundesverbands M\u00f6beldpedition und Logistik (AM\u00d6) e.V. stehe ich jederzeit gerne allen an unserem Fachbereich interessierten Journalisten und Journalistinnen Rede und Antwort. <\/p>\n\n\n\n<p>Was in den vergangenen Jahren zusammengekommen ist, stelle ich in einer kleinen Auswahl auszugsweise f\u00fcr Besucher*innen hier zusammen.<\/p>\n\n\n\n<p>_____<\/p>\n\n\n\n<p>S\u00fcddeutsche (15. Mai 2020)<\/p>\n\n\n\n<h2 class=\"wp-block-heading\">Umziehen: Ein Fall f\u00fcr Profis<\/h2>\n\n\n\n<p><strong>Umziehen in Zeiten der Corona-Krise? Lieber nicht. Wer die Wohnung jetzt trotzdem wechseln muss, sollte einige Dinge beachten.<\/strong><\/p>\n\n\n\n<p>Wer umzieht, braucht gute Nerven und Unterst\u00fctzung, in Corona-Zeiten gilt das noch mehr als sonst. Umz\u00fcge sind bundesweit erlaubt, die Auftragsb\u00fccher der Umzugsfirmen wieder gut gef\u00fcllt, wie Daniel Waldschik erkl\u00e4rt, Sprecher des Bundesverbandes M\u00f6belspedition und Logistik (AM\u00d6). Ohne H\u00e4ndewaschen, Desinfektion, Abstand, Handschuhe und Schutzmaske geht allerdings nichts, daran haben auch erste Lockerungen des Kontaktverbots nichts ge\u00e4ndert. So klappt es mit dem ansteckungsfreien&nbsp;Wohnungswechsel <a href=\"https:\/\/www.sueddeutsche.de\/geld\/umziehen-ein-fall-fuer-profis-1.4907349\"><span class=\"has-inline-color has-luminous-vivid-amber-color\"><strong>Weiterlesen auf Sueddeutsche.de<\/strong><\/span><\/a><\/p>\n\n\n\n<p>_____<\/p>\n\n\n\n<p>dpa (u.a. erschienen in der Saarbr\u00fccker Zeitung, 12. Juli 2019)<\/p>\n\n\n\n<h2 class=\"wp-block-heading\">Nur wer den Transportwagen richtig bel\u00e4dt, zieht sicher um!<\/h2>\n\n\n\n<p><strong>Selbst mit einem kleinen Lastwagen ist der Transport des eigenen Hab und Guts zur neuen Wohnung kein Selbstl\u00e4ufer.<\/strong><\/p>\n\n\n\n<p>[&#8230;] Zun\u00e4chst stellt sich die Frage nach dem passenden Fahrzeug. Das eigene Auto reicht zwar f\u00fcr Kisten und kleinere M\u00f6bel, doch es st\u00f6\u00dft etwa bei langen Schrankt\u00fcren oder Matratzen schnell an Grenzen. [&#8230;] <\/p>\n\n\n\n<p>&#8222;Bei einer Zwei-Zimmer-Wohnung rechnet der Fachmann \u00fcblicherweise mit etwa 30 bis 35 Kubikmeter Umzugsgut\u201c, erkl\u00e4rt Daniel Waldschik vom Bundesverband M\u00f6belspedition und Logistik (AM\u00d6). \u201eDas passt gegebenenfalls nicht mal in einen 7,5-Tonner.\u201c Und f\u00fcr diesen m\u00fcssten die Fahrer die F\u00fchrerscheinklasse C1 besitzen. <a href=\"https:\/\/www.saarbruecker-zeitung.de\/sz-spezial\/motor\/nur-wer-den-transportwagen-richtig-belaedt-zieht-sicher-um_aid-43325943\"><span class=\"has-inline-color has-luminous-vivid-amber-color\"><strong>Weiterlesen auf Saarbr\u00fccker-Zeitung.de<\/strong><\/span><\/a><\/p>\n\n\n\n<p>_____<\/p>\n\n\n\n<p>prima (29. Januar 2019)<\/p>\n\n\n\n<h2 class=\"wp-block-heading\">Ausgeruht ins neue Zuhause<\/h2>\n\n\n\n<p><strong>Immerhin rund acht Prozent der 66- bis 85-J\u00e4hrigen sind zwischen 2010 und 2014 in Deutschland privat umgezogen. F\u00fcr \u00c4ltere ist ein solcher Wechsel meist eine organisatorische, k\u00f6rperliche und emotionale Herausforderung. So aber gelingt der Weg ins neue Zuhause.<\/strong><\/p>\n\n\n\n<p>Angeh\u00f6rige und Freunde machen den Umzug leichter. Die Beauftragung eines Umzugsunternehmens kostet Geld, spart aber Aufwand und Zeit. Auf Senioren spezialisierte Firmen helfen auch bei Entsorgung, Ab-, Aufbau und Ummeldung. Daniel Waldschik vom Bundesverband M\u00f6belspedition und Logistik (AM\u00d6) in Hattersheim am Main r\u00e4t, vorab seri\u00f6se Angebote einzuholen. &#8222;Professionelle Dienstleister erkennen Verbraucher am K\u00e4nguru-Logo. Die damit ausgezeichneten AM\u00d6-Fachbetriebe erf\u00fcllen h\u00f6chste Standards in der Umzugsqualit\u00e4t (s. hier:&nbsp;<a href=\"http:\/\/www.umzug.org\" target=\"_blank\" rel=\"noreferrer noopener\">www.umzug.org<\/a>). Dazu geh\u00f6ren umfassende Beratung, transparente Angebote und ein fachm\u00e4nnischer Umzug.&#8220; Vorsicht sei geboten bei Anbietern mit auffallend g\u00fcnstigen Pauschalpreisen ohne Mehrwertsteuer und mit hohen Zuschl\u00e4gen f\u00fcr Mehrarbeit oder Montage. <a href=\"https:\/\/www.prisma.de\/magazin\/ratgeber\/Umzug-fuer-Rentner-Das-muessen-Sie-beachten,21538782\"><span class=\"has-inline-color has-luminous-vivid-amber-color\"><strong>Weiterlesen auf prisma<\/strong><\/span><\/a><\/p>\n\n\n\n<p>_____<\/p>\n\n\n\n<p>ZM Online (2. Oktober 2016)<\/p>\n\n\n\n<h2 class=\"wp-block-heading\">Gute Noten f\u00fcr alle<\/h2>\n\n\n\n<p><strong>Das Verbrauchermagazin \u00d6ko-Test hat Interdentalb\u00fcrsten untersucht. Das Ergebnis: Die getesteten Produkte sind durchweg empfehlenswert. Allerdings fiel die Qualit\u00e4t der Borstenenden negativ auf.<\/strong><\/p>\n\n\n\n<p>&#8222;Wir haben einen Anteil akzeptabler Borstenendabrundungen (Kategorien A1 und A2) von 0 bis 20 Prozent mit zwei Noten Abzug und einen Anteil akzeptabler Borstenendabrundungen (Kategorien A1 und A2) von 21 bis 40 Prozent mit einer Note Abzug belegt&#8220;, erkl\u00e4rt Daniel Waldschik, Redakteur des Artikels, auf Nachfrage den zm. Und weiter: &#8222;Daraus folgt, dass die entsprechenden Produkte im Praxistest nicht besser werden als &#8218;gut&#8216;, aber aufgrund des zumindest damaligen Technologiedefizits nicht schlechter werden als &#8218;befriedigend&#8216;. Dass die Produkte insgesamt &#8218;gut&#8216; ausfallen, ist im Testergebnis Inhaltsstoffe begr\u00fcndet, das bei allen Produkten &#8217;sehr gut&#8216; war.&#8220; <a href=\"https:\/\/www.zm-online.de\/news\/nachrichten\/oeko-test-gute-noten-fuer-alle\/\"><span class=\"has-inline-color has-luminous-vivid-amber-color\"><strong>Weiterlesen auf ZM Online<\/strong><\/span><\/a><\/p>\n\n\n\n<p>_____<\/p>\n\n\n\n<p>Wirtschaftswoche (Interview, 3. August 2016)<\/p>\n\n\n\n<h2 class=\"wp-block-heading\"><strong>Bauen Hersteller absichtlich Schrotthandys?<\/strong> <\/h2>\n\n\n\n<p><strong>Viele Deutsche g\u00f6nnen sich alle zwei Jahre ein neues Handy. Doch gef\u00fchlt halten Ger\u00e4te auch nicht wesentlich l\u00e4nger. Absicht der Hersteller? \u00d6ko-Test hat Elektronikger\u00e4te genauer untersucht.<\/strong><\/p>\n\n\n\n<p><em>Herr Waldschik, \u00d6ko-Test hat Elektronikger\u00e4te in Hinblick auf \u201egeplante Obsoleszenz\u201c untersucht. Was ist Ihnen aufgefallen?<\/em><br>Wir haben die Anbieter gezielt nach ihrem Sortiment befragt und wollten wissen, in welche Ger\u00e4te sie Akkus fest verbauen und in welchen Akkus austauschbar sind. Aufgefallen ist, dass offensichtlich in immer mehr Produkten fest verbaute Akkus stecken und die Anbieter mit f\u00fcr Verbraucher wichtigen Informationen nicht herausr\u00fccken. <a href=\"https:\/\/www.wiwo.de\/unternehmen\/handel\/elektronikgeraete-im-test-bauen-hersteller-absichtlich-schrotthandys\/13962898.html\"><span class=\"has-inline-color has-luminous-vivid-amber-color\"><strong>Weiterlesen auf wiwo.de<\/strong><\/span><\/a><\/p>\n\n\n\n<p>_____<\/p>\n\n\n\n<p><\/p>\n","protected":false},"excerpt":{"rendered":"<p>Lag es in meiner Zeit als Volont\u00e4r und freier Zeitungsmitarbeiter noch an mir, die richtigen Fragen zu stellen zu stellen, r\u00fcckte ich sp\u00e4testens als Verbraucherredakteur f\u00fcr \u00d6ko Test in den Fokus mancher Kolleginnen und Kollegen. Auch in meiner aktuellen Funktion als Pressesprecher des Bundesverbands M\u00f6beldpedition und Logistik (AM\u00d6) e.V. stehe ich jederzeit gerne allen an<\/p>\n<p><a href=\"https:\/\/danielwaldschik.de\/blog\/ich-als-gespraechspartner-in-unterschiedlichsten-medien\/\" class=\"more-link themebutton\">Weiterlesen<\/a><\/p>\n","protected":false},"author":1,"featured_media":0,"comment_status":"closed","ping_status":"closed","sticky":false,"template":"","format":"standard","meta":{"footnotes":""},"categories":[1],"tags":[],"class_list":["post-2190","post","type-post","status-publish","format-standard","hentry","category-allgemein"],"yoast_head":"<!-- This site is optimized with the Yoast SEO plugin v20.9 - https:\/\/yoast.com\/wordpress\/plugins\/seo\/ -->\n<title>Ich als Gespr\u00e4chspartner in unterschiedlichsten Medien - Daniel Waldschik<\/title>\n<meta name=\"robots\" content=\"index, follow, max-snippet:-1, max-image-preview:large, max-video-preview:-1\" \/>\n<link rel=\"canonical\" href=\"https:\/\/danielwaldschik.de\/blog\/ich-als-gespraechspartner-in-unterschiedlichsten-medien\/\" \/>\n<meta property=\"og:locale\" content=\"de_DE\" \/>\n<meta property=\"og:type\" content=\"article\" \/>\n<meta property=\"og:title\" content=\"Ich als Gespr\u00e4chspartner in unterschiedlichsten Medien - Daniel Waldschik\" \/>\n<meta property=\"og:description\" content=\"Lag es in meiner Zeit als Volont\u00e4r und freier Zeitungsmitarbeiter noch an mir, die richtigen Fragen zu stellen zu stellen, r\u00fcckte ich sp\u00e4testens als Verbraucherredakteur f\u00fcr \u00d6ko Test in den Fokus mancher Kolleginnen und Kollegen. Auch in meiner aktuellen Funktion als Pressesprecher des Bundesverbands M\u00f6beldpedition und Logistik (AM\u00d6) e.V. stehe ich jederzeit gerne allen anWeiterlesen\" \/>\n<meta property=\"og:url\" content=\"https:\/\/danielwaldschik.de\/blog\/ich-als-gespraechspartner-in-unterschiedlichsten-medien\/\" \/>\n<meta property=\"og:site_name\" content=\"Daniel Waldschik\" \/>\n<meta property=\"article:published_time\" content=\"2020-09-20T11:27:51+00:00\" \/>\n<meta property=\"article:modified_time\" content=\"2021-01-23T15:45:59+00:00\" \/>\n<meta name=\"author\" content=\"Daniel Waldschik\" \/>\n<meta name=\"twitter:label1\" content=\"Verfasst von\" \/>\n\t<meta name=\"twitter:data1\" content=\"Daniel Waldschik\" \/>\n\t<meta name=\"twitter:label2\" content=\"Gesch\u00e4tzte Lesezeit\" \/>\n\t<meta name=\"twitter:data2\" content=\"4\u00a0Minuten\" \/>\n<script type=\"application\/ld+json\" class=\"yoast-schema-graph\">{\"@context\":\"https:\/\/schema.org\",\"@graph\":[{\"@type\":\"WebPage\",\"@id\":\"https:\/\/danielwaldschik.de\/blog\/ich-als-gespraechspartner-in-unterschiedlichsten-medien\/\",\"url\":\"https:\/\/danielwaldschik.de\/blog\/ich-als-gespraechspartner-in-unterschiedlichsten-medien\/\",\"name\":\"Ich als Gespr\u00e4chspartner in unterschiedlichsten Medien - Daniel Waldschik\",\"isPartOf\":{\"@id\":\"https:\/\/danielwaldschik.de\/blog\/#website\"},\"datePublished\":\"2020-09-20T11:27:51+00:00\",\"dateModified\":\"2021-01-23T15:45:59+00:00\",\"author\":{\"@id\":\"https:\/\/danielwaldschik.de\/blog\/#\/schema\/person\/710b11dda95efb9481d328a0b562e6b7\"},\"inLanguage\":\"de\",\"potentialAction\":[{\"@type\":\"ReadAction\",\"target\":[\"https:\/\/danielwaldschik.de\/blog\/ich-als-gespraechspartner-in-unterschiedlichsten-medien\/\"]}]},{\"@type\":\"WebSite\",\"@id\":\"https:\/\/danielwaldschik.de\/blog\/#website\",\"url\":\"https:\/\/danielwaldschik.de\/blog\/\",\"name\":\"Daniel Waldschik\",\"description\":\"\",\"potentialAction\":[{\"@type\":\"SearchAction\",\"target\":{\"@type\":\"EntryPoint\",\"urlTemplate\":\"https:\/\/danielwaldschik.de\/blog\/?s={search_term_string}\"},\"query-input\":\"required name=search_term_string\"}],\"inLanguage\":\"de\"},{\"@type\":\"Person\",\"@id\":\"https:\/\/danielwaldschik.de\/blog\/#\/schema\/person\/710b11dda95efb9481d328a0b562e6b7\",\"name\":\"Daniel Waldschik\",\"image\":{\"@type\":\"ImageObject\",\"inLanguage\":\"de\",\"@id\":\"https:\/\/danielwaldschik.de\/blog\/#\/schema\/person\/image\/\",\"url\":\"https:\/\/secure.gravatar.com\/avatar\/4ad3b1b34de5837e197b6ff66212306abb1a5a096f3847f8d6a77ad6ac6c8003?s=96&d=mm&r=g\",\"contentUrl\":\"https:\/\/secure.gravatar.com\/avatar\/4ad3b1b34de5837e197b6ff66212306abb1a5a096f3847f8d6a77ad6ac6c8003?s=96&d=mm&r=g\",\"caption\":\"Daniel Waldschik\"},\"sameAs\":[\"http:\/\/www.danielwaldschik.de\"],\"url\":\"https:\/\/danielwaldschik.de\/blog\/author\/admin\/\"}]}<\/script>\n<!-- \/ Yoast SEO plugin. -->","yoast_head_json":{"title":"Ich als Gespr\u00e4chspartner in unterschiedlichsten Medien - Daniel Waldschik","robots":{"index":"index","follow":"follow","max-snippet":"max-snippet:-1","max-image-preview":"max-image-preview:large","max-video-preview":"max-video-preview:-1"},"canonical":"https:\/\/danielwaldschik.de\/blog\/ich-als-gespraechspartner-in-unterschiedlichsten-medien\/","og_locale":"de_DE","og_type":"article","og_title":"Ich als Gespr\u00e4chspartner in unterschiedlichsten Medien - Daniel Waldschik","og_description":"Lag es in meiner Zeit als Volont\u00e4r und freier Zeitungsmitarbeiter noch an mir, die richtigen Fragen zu stellen zu stellen, r\u00fcckte ich sp\u00e4testens als Verbraucherredakteur f\u00fcr \u00d6ko Test in den Fokus mancher Kolleginnen und Kollegen. Auch in meiner aktuellen Funktion als Pressesprecher des Bundesverbands M\u00f6beldpedition und Logistik (AM\u00d6) e.V. stehe ich jederzeit gerne allen anWeiterlesen","og_url":"https:\/\/danielwaldschik.de\/blog\/ich-als-gespraechspartner-in-unterschiedlichsten-medien\/","og_site_name":"Daniel Waldschik","article_published_time":"2020-09-20T11:27:51+00:00","article_modified_time":"2021-01-23T15:45:59+00:00","author":"Daniel Waldschik","twitter_misc":{"Verfasst von":"Daniel Waldschik","Gesch\u00e4tzte Lesezeit":"4\u00a0Minuten"},"schema":{"@context":"https:\/\/schema.org","@graph":[{"@type":"WebPage","@id":"https:\/\/danielwaldschik.de\/blog\/ich-als-gespraechspartner-in-unterschiedlichsten-medien\/","url":"https:\/\/danielwaldschik.de\/blog\/ich-als-gespraechspartner-in-unterschiedlichsten-medien\/","name":"Ich als Gespr\u00e4chspartner in unterschiedlichsten Medien - Daniel Waldschik","isPartOf":{"@id":"https:\/\/danielwaldschik.de\/blog\/#website"},"datePublished":"2020-09-20T11:27:51+00:00","dateModified":"2021-01-23T15:45:59+00:00","author":{"@id":"https:\/\/danielwaldschik.de\/blog\/#\/schema\/person\/710b11dda95efb9481d328a0b562e6b7"},"inLanguage":"de","potentialAction":[{"@type":"ReadAction","target":["https:\/\/danielwaldschik.de\/blog\/ich-als-gespraechspartner-in-unterschiedlichsten-medien\/"]}]},{"@type":"WebSite","@id":"https:\/\/danielwaldschik.de\/blog\/#website","url":"https:\/\/danielwaldschik.de\/blog\/","name":"Daniel Waldschik","description":"","potentialAction":[{"@type":"SearchAction","target":{"@type":"EntryPoint","urlTemplate":"https:\/\/danielwaldschik.de\/blog\/?s={search_term_string}"},"query-input":"required name=search_term_string"}],"inLanguage":"de"},{"@type":"Person","@id":"https:\/\/danielwaldschik.de\/blog\/#\/schema\/person\/710b11dda95efb9481d328a0b562e6b7","name":"Daniel Waldschik","image":{"@type":"ImageObject","inLanguage":"de","@id":"https:\/\/danielwaldschik.de\/blog\/#\/schema\/person\/image\/","url":"https:\/\/secure.gravatar.com\/avatar\/4ad3b1b34de5837e197b6ff66212306abb1a5a096f3847f8d6a77ad6ac6c8003?s=96&d=mm&r=g","contentUrl":"https:\/\/secure.gravatar.com\/avatar\/4ad3b1b34de5837e197b6ff66212306abb1a5a096f3847f8d6a77ad6ac6c8003?s=96&d=mm&r=g","caption":"Daniel Waldschik"},"sameAs":["http:\/\/www.danielwaldschik.de"],"url":"https:\/\/danielwaldschik.de\/blog\/author\/admin\/"}]}},"_links":{"self":[{"href":"https:\/\/danielwaldschik.de\/blog\/wp-json\/wp\/v2\/posts\/2190","targetHints":{"allow":["GET"]}}],"collection":[{"href":"https:\/\/danielwaldschik.de\/blog\/wp-json\/wp\/v2\/posts"}],"about":[{"href":"https:\/\/danielwaldschik.de\/blog\/wp-json\/wp\/v2\/types\/post"}],"author":[{"embeddable":true,"href":"https:\/\/danielwaldschik.de\/blog\/wp-json\/wp\/v2\/users\/1"}],"replies":[{"embeddable":true,"href":"https:\/\/danielwaldschik.de\/blog\/wp-json\/wp\/v2\/comments?post=2190"}],"version-history":[{"count":10,"href":"https:\/\/danielwaldschik.de\/blog\/wp-json\/wp\/v2\/posts\/2190\/revisions"}],"predecessor-version":[{"id":2200,"href":"https:\/\/danielwaldschik.de\/blog\/wp-json\/wp\/v2\/posts\/2190\/revisions\/2200"}],"wp:attachment":[{"href":"https:\/\/danielwaldschik.de\/blog\/wp-json\/wp\/v2\/media?parent=2190"}],"wp:term":[{"taxonomy":"category","embeddable":true,"href":"https:\/\/danielwaldschik.de\/blog\/wp-json\/wp\/v2\/categories?post=2190"},{"taxonomy":"post_tag","embeddable":true,"href":"https:\/\/danielwaldschik.de\/blog\/wp-json\/wp\/v2\/tags?post=2190"}],"curies":[{"name":"wp","href":"https:\/\/api.w.org\/{rel}","templated":true}]}}